[{"@context":"https:\/\/schema.org\/","@type":"Article","@id":"https:\/\/www.aovz.cz\/mince-na-uzemi-ceskeho-statu\/#Article","mainEntityOfPage":"https:\/\/www.aovz.cz\/mince-na-uzemi-ceskeho-statu\/","headline":"Mince na \u00fazem\u00ed \u010desk\u00e9ho st\u00e1tu","name":"Mince na \u00fazem\u00ed \u010desk\u00e9ho st\u00e1tu","description":"Historie na\u0161eho st\u00e1tu a\u0165 u\u017e samostatn\u00e9ho, nebo jako \u010d\u00e1sti v\u011bt\u0161\u00edho celku je bez pochyb velice obs\u00e1hl\u00fdm a komplikovan\u00fdm t\u00e9matem. Neb\u00fdt ale ka\u017ed\u00e9ho detailu, kter\u00fd se kdy stal, nebyl by dne\u0161n\u00ed sv\u011bt takov\u00fd, jak\u00fd ho dnes zn\u00e1me. Jeliko\u017e by probrat celou historii zabralo v\u00edce ne\u017e jeden \u010dl\u00e1nek, pod\u00edv\u00e1me se aspo\u0148 na m\u011bny, kter\u00e9 se na \u00fazem\u00ed<p><a class=\"more-link\" href=\"https:\/\/www.aovz.cz\/mince-na-uzemi-ceskeho-statu\/\">Continue reading <span class=\"screen-reader-text\">Mince na \u00fazem\u00ed \u010desk\u00e9ho st\u00e1tu<\/span><\/a><\/p>","datePublished":"2018-07-27","dateModified":"2023-04-27","author":{"@type":"Person","@id":"https:\/\/www.aovz.cz\/author\/#Person","name":"","url":"https:\/\/www.aovz.cz\/author\/","identifier":1,"image":{"@type":"ImageObject","@id":"https:\/\/secure.gravatar.com\/avatar\/da76ffe9456a057fb26f92cd8eb3d2effca853864e9ae2a35290bd1e10b1f7d4?s=96&d=mm&r=g","url":"https:\/\/secure.gravatar.com\/avatar\/da76ffe9456a057fb26f92cd8eb3d2effca853864e9ae2a35290bd1e10b1f7d4?s=96&d=mm&r=g","height":96,"width":96}},"publisher":{"@type":"Organization","name":"aovz.cz","logo":{"@type":"ImageObject","@id":"\/logo.png","url":"\/logo.png","width":600,"height":60}},"image":{"@type":"ImageObject","@id":"https:\/\/www.aovz.cz\/wp-content\/uploads\/img_a325867_w1754_t1538037536.jpg","url":"https:\/\/www.aovz.cz\/wp-content\/uploads\/img_a325867_w1754_t1538037536.jpg","height":0,"width":0},"url":"https:\/\/www.aovz.cz\/mince-na-uzemi-ceskeho-statu\/","about":["Internet"],"wordCount":391,"articleBody":" Historie na\u0161eho st\u00e1tu a\u0165 u\u017e samostatn\u00e9ho, nebo jako \u010d\u00e1sti v\u011bt\u0161\u00edho celku je bez pochyb velice obs\u00e1hl\u00fdm a komplikovan\u00fdm t\u00e9matem. Neb\u00fdt ale ka\u017ed\u00e9ho detailu, kter\u00fd se kdy stal, nebyl by dne\u0161n\u00ed sv\u011bt takov\u00fd, jak\u00fd ho dnes zn\u00e1me. Jeliko\u017e by probrat celou historii zabralo v\u00edce ne\u017e jeden \u010dl\u00e1nek, pod\u00edv\u00e1me se aspo\u0148 na m\u011bny, kter\u00e9 se na \u00fazem\u00ed na\u0161eho st\u00e1tu pou\u017e\u00edvali a\u017e po na\u0161\u00ed aktu\u00e1ln\u00ed m\u011bnu. Pokud jste tedy nad\u0161en\u00fd numismatik , je toto p\u0159\u00edmo pro v\u00e1s   Stat\u00e9ry Stat\u00e9ry (lidov\u011b naz\u00fdv\u00e1ny duhovky, proto\u017ee je lid\u00e9 ob\u010das nach\u00e1zeli po de\u0161t\u00edch na poli, jak se leskly) byly prvn\u00ed m\u011bnou pou\u017e\u00edvanou na \u00fazem\u00ed \u010cech a p\u016fvodem se jedn\u00e1 o keltsk\u00e9 mince Den\u00e1ry Pou\u017e\u00edv\u00e1ny od 10. do 13. stolet\u00ed. Jsou rozd\u011bleny na \u010desk\u00e9 den\u00e1ry a moravsk\u00e9 den\u00e1ry. Z po\u010d\u00e1tku byly v\u011bt\u0161\u00ed, v polovin\u011b 11. stolet\u00ed se za\u010dali razit men\u0161\u00ed. Brakte\u00e1ty Byly vyd\u00e1v\u00e1ny za doby vl\u00e1dy P\u0159emysla Otakara I. a P\u0159emysla Otakara II. P\u0159ezd\u00edvalo se jim plech\u00e1\u010de, proto\u017ee byly zvln\u011bn\u00e9 a nedali se skl\u00e1dat na hrom\u00e1dky, proto byly platn\u00e9 pouze od roku 1225 do roku 1300. Gro\u0161e Byly ra\u017eeny v Kutn\u00e9 ho\u0159e, kter\u00e1 d\u00edky sv\u00e9 t\u011b\u017eb\u011b st\u0159\u00edbra a v\u00fdrob\u011b minc\u00ed dosahovala stejn\u00e9 rozlohy jako Praha. Pou\u017e\u00edvali se do 16. stolet\u00ed jako hlavn\u00ed m\u011bna. Gro\u0161 se d\u011blil na 12 hal\u00e9\u0159\u016f (parv\u016f) Tolary Prvn\u00ed tolar vyra\u017een\u00fd J\u00e1chymem \u0160likem v J\u00e1chymov\u011b. Od n\u00e1zvu tolar pozd\u011bji odvozen dne\u0161n\u00ed americk\u00e1 m\u011bna &#8211; dolar. Nejprve byl n\u00e1zev tolar pou\u017e\u00edv\u00e1n pouze pro mince vyroben\u00e9 v J\u00e1chymov\u011b, ale pozd\u011bji tato v\u00fdrobna dod\u00e1vala takov\u00e9 mno\u017estv\u00ed minc\u00ed, \u017ee se tento n\u00e1zev uchytil pro v\u0161echny st\u0159\u00edbrn\u00e9 mince. Krejcary Poprv\u00e9 pou\u017eity p\u0159i za\u010d\u00e1tku vl\u00e1dy Habsburskou monarchi\u00ed v roce 1526. Soub\u011b\u017en\u011b s nimi se pou\u017e\u00edvali tzv. Bankocetle, co\u017e byly prvn\u00ed pap\u00edrov\u00e9 pen\u00edze na na\u0161em \u00fazem\u00ed. Koruny Tato m\u011bna byla prohl\u00e1\u0161ena za platnou 11. srpna roku 1892. Po rozpadu Rakouska-Uherska byla koruna p\u0159evzata pouze \u010ceskoslovenskou republikou a vydr\u017eela a\u017e dodnes.                                                                                                                                                                                                                                                                                                                                                                                          4.2\/5 - (5 votes)        "},{"@context":"https:\/\/schema.org\/","@type":"BreadcrumbList","itemListElement":[{"@type":"ListItem","position":1,"name":"Mince na \u00fazem\u00ed \u010desk\u00e9ho st\u00e1tu","item":"https:\/\/www.aovz.cz\/mince-na-uzemi-ceskeho-statu\/#breadcrumbitem"}]}]