[{"@context":"https:\/\/schema.org\/","@type":"Article","@id":"https:\/\/www.aovz.cz\/pobyt-v-zapadnich-cechach-spojeny-s-ubytovanim-v-lokti-nad-ohri\/#Article","mainEntityOfPage":"https:\/\/www.aovz.cz\/pobyt-v-zapadnich-cechach-spojeny-s-ubytovanim-v-lokti-nad-ohri\/","headline":"Pobyt v z\u00e1padn\u00edch \u010cech\u00e1ch spojen\u00fd s ubytov\u00e1n\u00edm v Lokti nad Oh\u0159\u00ed","name":"Pobyt v z\u00e1padn\u00edch \u010cech\u00e1ch spojen\u00fd s ubytov\u00e1n\u00edm v Lokti nad Oh\u0159\u00ed","description":"Zajistit si ubytov\u00e1n\u00ed Loket nad Oh\u0159\u00ed Pension Ulrika.cz p\u0159\u00edmo v historick\u00e9m j\u00e1dru m\u011bsta? Pro\u010d ne, v\u017edy\u0165 Loket pat\u0159\u00ed k nejzaj\u00edmav\u011bj\u0161\u00edm m\u00edst\u016fm na\u0161\u00ed zem\u011b a nach\u00e1z\u00ed se v krajin\u011b, kter\u00e1 si va\u0161i pozornost ur\u010dit\u011b zaslou\u017e\u00ed. Fotogenick\u00fd objekt Loket nad Oh\u0159\u00ed za\u0159azuj\u00ed mnoz\u00ed um\u011blci k nejv\u00edce fotogenick\u00fdm objekt\u016fm v \u010cesk\u00e9 republice. Je vd\u011b\u010dn\u00fdm t\u00e9matem mal\u00ed\u0159\u016f a fotograf\u016f,<p><a class=\"more-link\" href=\"https:\/\/www.aovz.cz\/pobyt-v-zapadnich-cechach-spojeny-s-ubytovanim-v-lokti-nad-ohri\/\">Continue reading <span class=\"screen-reader-text\">Pobyt v z\u00e1padn\u00edch \u010cech\u00e1ch spojen\u00fd s ubytov\u00e1n\u00edm v Lokti nad Oh\u0159\u00ed<\/span><\/a><\/p>","datePublished":"2019-12-07","dateModified":"2023-04-27","author":{"@type":"Person","@id":"https:\/\/www.aovz.cz\/author\/#Person","name":"","url":"https:\/\/www.aovz.cz\/author\/","identifier":1,"image":{"@type":"ImageObject","@id":"https:\/\/secure.gravatar.com\/avatar\/da76ffe9456a057fb26f92cd8eb3d2effca853864e9ae2a35290bd1e10b1f7d4?s=96&d=mm&r=g","url":"https:\/\/secure.gravatar.com\/avatar\/da76ffe9456a057fb26f92cd8eb3d2effca853864e9ae2a35290bd1e10b1f7d4?s=96&d=mm&r=g","height":96,"width":96}},"publisher":{"@type":"Organization","name":"aovz.cz","logo":{"@type":"ImageObject","@id":"\/logo.png","url":"\/logo.png","width":600,"height":60}},"image":{"@type":"ImageObject","@id":"https:\/\/www.aovz.cz\/wp-content\/uploads\/img_a369194_w1754_t1581407722.jpg","url":"https:\/\/www.aovz.cz\/wp-content\/uploads\/img_a369194_w1754_t1581407722.jpg","height":0,"width":0},"url":"https:\/\/www.aovz.cz\/pobyt-v-zapadnich-cechach-spojeny-s-ubytovanim-v-lokti-nad-ohri\/","about":["Cestov\u00e1n\u00ed"],"wordCount":440,"articleBody":"      Zajistit si ubytov\u00e1n\u00ed Loket nad Oh\u0159\u00ed Pension Ulrika.cz p\u0159\u00edmo v historick\u00e9m j\u00e1dru m\u011bsta? Pro\u010d ne, v\u017edy\u0165 Loket pat\u0159\u00ed k nejzaj\u00edmav\u011bj\u0161\u00edm m\u00edst\u016fm na\u0161\u00ed zem\u011b a nach\u00e1z\u00ed se v krajin\u011b, kter\u00e1 si va\u0161i pozornost ur\u010dit\u011b zaslou\u017e\u00ed.  Fotogenick\u00fd objekt Loket nad Oh\u0159\u00ed za\u0159azuj\u00ed mnoz\u00ed um\u011blci k nejv\u00edce fotogenick\u00fdm objekt\u016fm v \u010cesk\u00e9 republice. Je vd\u011b\u010dn\u00fdm t\u00e9matem mal\u00ed\u0159\u016f a fotograf\u016f, ale i n\u00e1m\u011btem k liter\u00e1rn\u00ed um\u011bleck\u00e9 tvorb\u011b. Je to zp\u016fsobeno jak jeho historickou hodnotou, tak i v\u00fdjime\u010dn\u00fdm um\u00edst\u011bn\u00edm v krajin\u011b. St\u0159edov\u011bk\u00e9 m\u011bstsk\u00e9 j\u00e1dro s dominantou kamenn\u00e9ho hradu obt\u00e1\u010d\u00ed kruhov\u00fd \u0159\u00ed\u010dn\u00ed meandr, co\u017e je jev pom\u011brn\u011b roz\u0161\u00ed\u0159en\u00fd, nap\u0159\u00edklad ve Zru\u010di nad S\u00e1zavou, v Rataj\u00edch nad S\u00e1zavou, v \u010cesk\u00e9m Krumlov\u011b nebo v T\u00e1bo\u0159e \u2013 m\u011bstsk\u00e9 \u010d\u00e1sti Klokoty. Ale zde m\u00e1me nav\u00edc vybudovan\u00e9 m\u011bstsk\u00e9 opevn\u011bn\u00ed a centr\u00e1ln\u00ed n\u00e1m\u011bst\u00ed T. G. Masaryka na vyv\u00fd\u0161en\u00e9 skaln\u00ed ostro\u017en\u011b. \u0158\u00ed\u010dn\u00ed koridor obt\u00e1\u010d\u00ed celou scen\u00e9rii ve zna\u010dn\u00e9m p\u0159ev\u00fd\u0161en\u00ed a vytv\u00e1\u0159\u00ed plastick\u00fd dojem terasovit\u011b uspo\u0159\u00e1dan\u00e9ho celku. Tento jev je opravdu v\u00fdjime\u010dn\u00fd a m\u00e1me zde ve spojen\u00ed energetick\u00e9 p\u016fsoben\u00ed proud\u00edc\u00ed \u0159\u00ed\u010dn\u00ed vody a z\u00e1rove\u0148 skaln\u00edho masivu, kter\u00fd je sou\u010d\u00e1st\u00ed krajinn\u00e9 oblasti Slavkovsk\u00fd les.  Turistick\u00fd c\u00edl tuzemsk\u00fdch i zahrani\u010dn\u00edch n\u00e1v\u0161t\u011bvn\u00edk\u016f Na\u0161e zem\u011b je nesm\u00edrn\u011b bohat\u00e1 na mno\u017estv\u00ed hradn\u00edch a z\u00e1meck\u00fdch objekt\u016f a pr\u00e1v\u011b Loket pat\u0159\u00ed k nejnav\u0161t\u011bvovan\u011bj\u0161\u00edm pam\u00e1tk\u00e1m z\u00e1padn\u00edch \u010cech. Jeho velkou v\u00fdhodou je, \u017ee se nach\u00e1z\u00ed nedaleko Karlov\u00fdch Var\u016f, v l\u00e1ze\u0148sk\u00e9 oblasti, a je tedy mo\u017en\u00e9 pobyt v t\u011bchto m\u00edstech spojit s n\u00e1v\u0161t\u011bvou Mari\u00e1nsk\u00fdch L\u00e1zn\u00ed, L\u00e1zn\u00ed Kyn\u017evart, Franti\u0161kov\u00fdch L\u00e1zn\u00ed, a zav\u00edtat i tam, kde se st\u00e1\u010d\u00ed sv\u011btozn\u00e1m\u00e9 miner\u00e1ln\u00ed vody Mattoni, Korunn\u00ed a Magnesia. Z\u00e1padn\u00ed \u010cechy jsou tak\u00e9 z ekologick\u00e9ho hlediska v\u00fdjime\u010dn\u00fdm m\u00edstem, nejsou zasa\u017een\u00e9 pr\u016fmyslovou v\u00fdrobou a devastac\u00ed krajiny za socialismu, kter\u00e1 postihla pr\u00e1v\u011b \u010d\u00e1st podh\u016f\u0159\u00ed Kru\u0161n\u00fdch hor a Mosteckou p\u00e1nev.  Slavkovsk\u00fd les, Rakovnick\u00e1 a Plask\u00e1 pahorkatina jsou tak\u00e9 nejm\u00e9n\u011b os\u00eddlen\u00e9 \u010d\u00e1sti republiky a z t\u00e9to v\u00fdhody t\u011b\u017e\u00ed i nap\u0159\u00edklad chovatel\u00e9 hov\u011bz\u00edho dobytka na pastvin\u00e1ch, jejich\u017e kvalita je srovnateln\u00e1 s Po\u0161umav\u00edm.                                                                                                                                                                                                                                                                                                                                                                                          3\/5 - (5 votes)        "},{"@context":"https:\/\/schema.org\/","@type":"BreadcrumbList","itemListElement":[{"@type":"ListItem","position":1,"name":"Pobyt v z\u00e1padn\u00edch \u010cech\u00e1ch spojen\u00fd s ubytov\u00e1n\u00edm v Lokti nad Oh\u0159\u00ed","item":"https:\/\/www.aovz.cz\/pobyt-v-zapadnich-cechach-spojeny-s-ubytovanim-v-lokti-nad-ohri\/#breadcrumbitem"}]}]